{"id":1390,"date":"2024-06-17T21:46:07","date_gmt":"2024-06-17T21:46:07","guid":{"rendered":"https:\/\/linhareslaw.com\/es\/?p=1390"},"modified":"2024-06-17T21:46:07","modified_gmt":"2024-06-17T21:46:07","slug":"processo-de-asilo-nos-eua","status":"publish","type":"post","link":"https:\/\/linhareslaw.com\/es\/2024\/06\/17\/processo-de-asilo-nos-eua\/","title":{"rendered":"Processo de asilo nos EUA"},"content":{"rendered":"\t\t<div data-elementor-type=\"wp-post\" data-elementor-id=\"1390\" class=\"elementor elementor-1390\" data-elementor-post-type=\"post\">\n\t\t\t\t<div class=\"elementor-element elementor-element-e348124 e-flex e-con-boxed e-con e-parent\" data-id=\"e348124\" data-element_type=\"container\" data-e-type=\"container\">\n\t\t\t\t\t<div class=\"e-con-inner\">\n\t\t\t\t<div class=\"elementor-element elementor-element-5a839f2 elementor-widget elementor-widget-text-editor\" data-id=\"5a839f2\" data-element_type=\"widget\" data-e-type=\"widget\" data-widget_type=\"text-editor.default\">\n\t\t\t\t<div class=\"elementor-widget-container\">\n\t\t\t\t\t\t\t\t\t<p>Na ter\u00e7a-feira, Joe Biden emitiu uma ordem executiva implementando a pol\u00edtica de imigra\u00e7\u00e3o mais restritiva de sua presid\u00eancia. Esta ordem permite a rejei\u00e7\u00e3o em massa de solicitantes de asilo na fronteira EUA-M\u00e9xico quando os cruzamentos excedem certos n\u00edveis, possibilitando o fechamento tempor\u00e1rio da fronteira e o bloqueio autom\u00e1tico dos pedidos de asilo. Esta pol\u00edtica \u00e9 uma das repress\u00f5es mais severas \u00e0 imigra\u00e7\u00e3o por parte de qualquer democrata moderno e espelha os esfor\u00e7os da administra\u00e7\u00e3o Trump.<\/p><p>O an\u00fancio ocorre cinco meses antes do dia da elei\u00e7\u00e3o, em meio a pesquisas indicando que a imigra\u00e7\u00e3o \u00e9 uma das principais preocupa\u00e7\u00f5es dos eleitores e a cr\u00edticas dos republicanos. Apesar de uma recente diminui\u00e7\u00e3o nos cruzamentos desde dezembro, houve um aumento acentuado de migrantes na fronteira sul nos \u00faltimos anos. Muitos migrantes agora se apresentam \u00e0s autoridades em busca de asilo devido a fatores como viol\u00eancia, pobreza e instabilidade pol\u00edtica em seus pa\u00edses de origem.<\/p><p>O sistema de imigra\u00e7\u00e3o dos EUA, inalterado h\u00e1 mais de 30 anos, est\u00e1 sobrecarregado com solicita\u00e7\u00f5es, criando grandes atrasos e longas esperas para os solicitantes de asilo. Esfor\u00e7os dos democratas no Congresso para aprovar reformas abrangentes de imigra\u00e7\u00e3o foram bloqueados pelos republicanos no Senado.<\/p>\t\t\t\t\t\t\t\t<\/div>\n\t\t\t\t<\/div>\n\t\t\t\t<div class=\"elementor-element elementor-element-d29d987 elementor-widget elementor-widget-text-editor\" data-id=\"d29d987\" data-element_type=\"widget\" data-e-type=\"widget\" data-widget_type=\"text-editor.default\">\n\t\t\t\t<div class=\"elementor-widget-container\">\n\t\t\t\t\t\t\t\t\tFonte : <a href=\"https:\/\/www.theguardian.com\/us-news\/article\/2024\/jun\/04\/asylum-process-first-person-esssays?_hsmi=310675393\" target=\"_blank\" rel=\"noopener\">https:\/\/www.theguardian.com\/us-news\/article\/2024\/jun\/04\/asylum-process-first-person-esssays?_hsmi=310675393<\/a>\t\t\t\t\t\t\t\t<\/div>\n\t\t\t\t<\/div>\n\t\t\t\t\t<\/div>\n\t\t\t\t<\/div>\n\t\t\t\t<\/div>\n\t\t","protected":false},"excerpt":{"rendered":"<p>Na ter\u00e7a-feira, Joe Biden emitiu uma ordem executiva implementando a pol\u00edtica de imigra\u00e7\u00e3o mais restritiva de sua presid\u00eancia. Esta ordem permite a rejei\u00e7\u00e3o em massa de solicitantes de asilo na fronteira EUA-M\u00e9xico quando os cruzamentos excedem certos n\u00edveis, possibilitando o fechamento tempor\u00e1rio da fronteira e o bloqueio autom\u00e1tico dos pedidos de asilo. Esta pol\u00edtica \u00e9 [&hellip;]<\/p>\n","protected":false},"author":1,"featured_media":865,"comment_status":"open","ping_status":"open","sticky":false,"template":"","format":"standard","meta":{"footnotes":""},"categories":[8],"tags":[],"class_list":["post-1390","post","type-post","status-publish","format-standard","has-post-thumbnail","hentry","category-imigracao"],"_links":{"self":[{"href":"https:\/\/linhareslaw.com\/es\/wp-json\/wp\/v2\/posts\/1390","targetHints":{"allow":["GET"]}}],"collection":[{"href":"https:\/\/linhareslaw.com\/es\/wp-json\/wp\/v2\/posts"}],"about":[{"href":"https:\/\/linhareslaw.com\/es\/wp-json\/wp\/v2\/types\/post"}],"author":[{"embeddable":true,"href":"https:\/\/linhareslaw.com\/es\/wp-json\/wp\/v2\/users\/1"}],"replies":[{"embeddable":true,"href":"https:\/\/linhareslaw.com\/es\/wp-json\/wp\/v2\/comments?post=1390"}],"version-history":[{"count":0,"href":"https:\/\/linhareslaw.com\/es\/wp-json\/wp\/v2\/posts\/1390\/revisions"}],"wp:featuredmedia":[{"embeddable":true,"href":"https:\/\/linhareslaw.com\/es\/wp-json\/wp\/v2\/media\/865"}],"wp:attachment":[{"href":"https:\/\/linhareslaw.com\/es\/wp-json\/wp\/v2\/media?parent=1390"}],"wp:term":[{"taxonomy":"category","embeddable":true,"href":"https:\/\/linhareslaw.com\/es\/wp-json\/wp\/v2\/categories?post=1390"},{"taxonomy":"post_tag","embeddable":true,"href":"https:\/\/linhareslaw.com\/es\/wp-json\/wp\/v2\/tags?post=1390"}],"curies":[{"name":"wp","href":"https:\/\/api.w.org\/{rel}","templated":true}]}}