{"id":1439,"date":"2024-08-02T20:19:22","date_gmt":"2024-08-02T20:19:22","guid":{"rendered":"https:\/\/linhareslaw.com\/es\/?p=1439"},"modified":"2024-08-02T20:19:22","modified_gmt":"2024-08-02T20:19:22","slug":"a-jornada-de-kamala-harris-na-politica-de-imigracao-dos-eua-desafios-e-oportunidades","status":"publish","type":"post","link":"https:\/\/linhareslaw.com\/es\/2024\/08\/02\/a-jornada-de-kamala-harris-na-politica-de-imigracao-dos-eua-desafios-e-oportunidades\/","title":{"rendered":"A Jornada de Kamala Harris na Pol\u00edtica de Imigra\u00e7\u00e3o dos EUA: Desafios e Oportunidades"},"content":{"rendered":"\t\t<div data-elementor-type=\"wp-post\" data-elementor-id=\"1439\" class=\"elementor elementor-1439\" data-elementor-post-type=\"post\">\n\t\t\t\t<div class=\"elementor-element elementor-element-99186b0 e-flex e-con-boxed e-con e-parent\" data-id=\"99186b0\" data-element_type=\"container\" data-e-type=\"container\">\n\t\t\t\t\t<div class=\"e-con-inner\">\n\t\t\t\t<div class=\"elementor-element elementor-element-26a0502 elementor-widget elementor-widget-text-editor\" data-id=\"26a0502\" data-element_type=\"widget\" data-e-type=\"widget\" data-widget_type=\"text-editor.default\">\n\t\t\t\t<div class=\"elementor-widget-container\">\n\t\t\t\t\t\t\t\t\t<p>A Vice-Presidente Kamala Harris est\u00e1 no centro das aten\u00e7\u00f5es \u00e0 medida que busca a nomea\u00e7\u00e3o presidencial do Partido Democrata. Sua trajet\u00f3ria na administra\u00e7\u00e3o Biden, especialmente em rela\u00e7\u00e3o \u00e0 pol\u00edtica de imigra\u00e7\u00e3o, tornou-se um ponto cr\u00edtico de discuss\u00e3o.<\/p><p>Em 2021, Harris foi incumbida de abordar as causas profundas da migra\u00e7\u00e3o da Am\u00e9rica Central, focando em problemas como pobreza, viol\u00eancia e corrup\u00e7\u00e3o em pa\u00edses como Guatemala, Honduras e El Salvador\u200b (Texas Public Radio)\u200b\u200b (Politico)\u200b. No entanto, opositores pol\u00edticos rotularam-a como a &#8220;Czar da Fronteira&#8221;, sugerindo que ela era respons\u00e1vel pela gest\u00e3o direta da fronteira\u200b (Texas Public Radio)\u200b\u200b.<\/p><p>Essas deturpa\u00e7\u00f5es alimentaram cr\u00edticas, especialmente dos republicanos, que apontam para os desafios cont\u00ednuos na fronteira EUA-M\u00e9xico como falhas da Vice-Presidente. Por outro lado, alguns democratas e grupos de direitos dos imigrantes tamb\u00e9m expressaram descontentamento, alegando que as pol\u00edticas da administra\u00e7\u00e3o s\u00e3o demasiadamente restritivas\u200b.<\/p><p>Enquanto Harris avan\u00e7a em sua campanha presidencial, ela enfrenta o desafio de distinguir sua abordagem das pol\u00edticas atuais, ao mesmo tempo em que aborda a complexa e evolutiva quest\u00e3o da imigra\u00e7\u00e3o. Isso inclui lidar com o aumento do deslocamento global e as mudan\u00e7as nos padr\u00f5es de migra\u00e7\u00e3o\u200b.<\/p>\t\t\t\t\t\t\t\t<\/div>\n\t\t\t\t<\/div>\n\t\t\t\t\t<\/div>\n\t\t\t\t<\/div>\n\t\t\t\t<\/div>\n\t\t","protected":false},"excerpt":{"rendered":"<p>A Vice-Presidente Kamala Harris est\u00e1 no centro das aten\u00e7\u00f5es \u00e0 medida que busca a nomea\u00e7\u00e3o presidencial do Partido Democrata. Sua trajet\u00f3ria na administra\u00e7\u00e3o Biden, especialmente em rela\u00e7\u00e3o \u00e0 pol\u00edtica de imigra\u00e7\u00e3o, tornou-se um ponto cr\u00edtico de discuss\u00e3o. Em 2021, Harris foi incumbida de abordar as causas profundas da migra\u00e7\u00e3o da Am\u00e9rica Central, focando em problemas [&hellip;]<\/p>\n","protected":false},"author":1,"featured_media":1447,"comment_status":"open","ping_status":"open","sticky":false,"template":"","format":"standard","meta":{"footnotes":""},"categories":[8],"tags":[],"class_list":["post-1439","post","type-post","status-publish","format-standard","has-post-thumbnail","hentry","category-imigracao"],"_links":{"self":[{"href":"https:\/\/linhareslaw.com\/es\/wp-json\/wp\/v2\/posts\/1439","targetHints":{"allow":["GET"]}}],"collection":[{"href":"https:\/\/linhareslaw.com\/es\/wp-json\/wp\/v2\/posts"}],"about":[{"href":"https:\/\/linhareslaw.com\/es\/wp-json\/wp\/v2\/types\/post"}],"author":[{"embeddable":true,"href":"https:\/\/linhareslaw.com\/es\/wp-json\/wp\/v2\/users\/1"}],"replies":[{"embeddable":true,"href":"https:\/\/linhareslaw.com\/es\/wp-json\/wp\/v2\/comments?post=1439"}],"version-history":[{"count":0,"href":"https:\/\/linhareslaw.com\/es\/wp-json\/wp\/v2\/posts\/1439\/revisions"}],"wp:featuredmedia":[{"embeddable":true,"href":"https:\/\/linhareslaw.com\/es\/wp-json\/wp\/v2\/media\/1447"}],"wp:attachment":[{"href":"https:\/\/linhareslaw.com\/es\/wp-json\/wp\/v2\/media?parent=1439"}],"wp:term":[{"taxonomy":"category","embeddable":true,"href":"https:\/\/linhareslaw.com\/es\/wp-json\/wp\/v2\/categories?post=1439"},{"taxonomy":"post_tag","embeddable":true,"href":"https:\/\/linhareslaw.com\/es\/wp-json\/wp\/v2\/tags?post=1439"}],"curies":[{"name":"wp","href":"https:\/\/api.w.org\/{rel}","templated":true}]}}