{"id":1575,"date":"2024-10-02T20:16:07","date_gmt":"2024-10-02T20:16:07","guid":{"rendered":"https:\/\/linhareslaw.com\/es\/?p=1575"},"modified":"2024-10-02T20:16:07","modified_gmt":"2024-10-02T20:16:07","slug":"governo-biden-reforca-restricoes-severas-de-asilo-na-fronteira","status":"publish","type":"post","link":"https:\/\/linhareslaw.com\/es\/2024\/10\/02\/governo-biden-reforca-restricoes-severas-de-asilo-na-fronteira\/","title":{"rendered":"Governo Biden refor\u00e7a restri\u00e7\u00f5es severas de asilo na fronteira"},"content":{"rendered":"\t\t<div data-elementor-type=\"wp-post\" data-elementor-id=\"1575\" class=\"elementor elementor-1575\" data-elementor-post-type=\"post\">\n\t\t\t\t<div class=\"elementor-element elementor-element-0adb068 e-flex e-con-boxed e-con e-parent\" data-id=\"0adb068\" data-element_type=\"container\" data-e-type=\"container\">\n\t\t\t\t\t<div class=\"e-con-inner\">\n\t\t\t\t<div class=\"elementor-element elementor-element-a04ee6c elementor-widget elementor-widget-text-editor\" data-id=\"a04ee6c\" data-element_type=\"widget\" data-e-type=\"widget\" data-widget_type=\"text-editor.default\">\n\t\t\t\t<div class=\"elementor-widget-container\">\n\t\t\t\t\t\t\t\t\tA administra\u00e7\u00e3o Biden est\u00e1 endurecendo as restri\u00e7\u00f5es de asilo na fronteira sul dos EUA, com o objetivo de demonstrar uma postura firme em rela\u00e7\u00e3o \u00e0 imigra\u00e7\u00e3o. As novas regras, que entram em vigor na ter\u00e7a-feira, ampliam as restri\u00e7\u00f5es existentes, exigindo que os encontros com migrantes tenham uma m\u00e9dia de menos de 1.500 por dia durante quase um m\u00eas antes de levantar os limites. Anteriormente, esse limite era avaliado ao longo de uma semana. Al\u00e9m disso, todas as crian\u00e7as agora s\u00e3o contadas nesses n\u00fameros, tornando mais dif\u00edcil suspender as restri\u00e7\u00f5es. Cr\u00edticos, incluindo defensores da imigra\u00e7\u00e3o e a ag\u00eancia de refugiados da ONU, argumentam que a pol\u00edtica enfraquece as prote\u00e7\u00f5es humanit\u00e1rias. Enquanto isso, a administra\u00e7\u00e3o defende as mudan\u00e7as, afirmando que h\u00e1 exce\u00e7\u00f5es e apontando para o aplicativo CBP One, que permite aos solicitantes de asilo agendar legalmente suas entradas. Apesar das cr\u00edticas, o Departamento de Seguran\u00e7a Interna destaca uma queda significativa no n\u00famero de encontros com migrantes desde junho. No entanto, a demanda por agendamentos legais ainda supera a disponibilidade.\t\t\t\t\t\t\t\t<\/div>\n\t\t\t\t<\/div>\n\t\t\t\t<div class=\"elementor-element elementor-element-b9d8009 elementor-widget elementor-widget-text-editor\" data-id=\"b9d8009\" data-element_type=\"widget\" data-e-type=\"widget\" data-widget_type=\"text-editor.default\">\n\t\t\t\t<div class=\"elementor-widget-container\">\n\t\t\t\t\t\t\t\t\t<p>Fonte : <a href=\"https:\/\/apnews.com\/article\/biden-asylum-migration-immigration-mexico-border-1241e365e68f8b6f7031c6ba4279bfac?utm_medium=email&amp;_hsenc=p2ANqtz--zQ30yqUtktR4jgEILRk93vBZOHRMPNE_MsOPSOXZu9O8Dcetwf8R18D1Z1hyDPIeb8D67ZG7XG4o2fuNppRYYUNlk4g&amp;_hsmi=327218411&amp;utm_content=327218411&amp;utm_source=hs_email\" target=\"_blank\" rel=\"noopener\">AP News<\/a><\/p>\t\t\t\t\t\t\t\t<\/div>\n\t\t\t\t<\/div>\n\t\t\t\t\t<\/div>\n\t\t\t\t<\/div>\n\t\t\t\t<\/div>\n\t\t","protected":false},"excerpt":{"rendered":"<p>A administra\u00e7\u00e3o Biden est\u00e1 endurecendo as restri\u00e7\u00f5es de asilo na fronteira sul dos EUA, com o objetivo de demonstrar uma postura firme em rela\u00e7\u00e3o \u00e0 imigra\u00e7\u00e3o. As novas regras, que entram em vigor na ter\u00e7a-feira, ampliam as restri\u00e7\u00f5es existentes, exigindo que os encontros com migrantes tenham uma m\u00e9dia de menos de 1.500 por dia durante [&hellip;]<\/p>\n","protected":false},"author":1,"featured_media":1576,"comment_status":"open","ping_status":"open","sticky":false,"template":"","format":"standard","meta":{"footnotes":""},"categories":[8],"tags":[],"class_list":["post-1575","post","type-post","status-publish","format-standard","has-post-thumbnail","hentry","category-imigracao"],"_links":{"self":[{"href":"https:\/\/linhareslaw.com\/es\/wp-json\/wp\/v2\/posts\/1575","targetHints":{"allow":["GET"]}}],"collection":[{"href":"https:\/\/linhareslaw.com\/es\/wp-json\/wp\/v2\/posts"}],"about":[{"href":"https:\/\/linhareslaw.com\/es\/wp-json\/wp\/v2\/types\/post"}],"author":[{"embeddable":true,"href":"https:\/\/linhareslaw.com\/es\/wp-json\/wp\/v2\/users\/1"}],"replies":[{"embeddable":true,"href":"https:\/\/linhareslaw.com\/es\/wp-json\/wp\/v2\/comments?post=1575"}],"version-history":[{"count":0,"href":"https:\/\/linhareslaw.com\/es\/wp-json\/wp\/v2\/posts\/1575\/revisions"}],"wp:featuredmedia":[{"embeddable":true,"href":"https:\/\/linhareslaw.com\/es\/wp-json\/wp\/v2\/media\/1576"}],"wp:attachment":[{"href":"https:\/\/linhareslaw.com\/es\/wp-json\/wp\/v2\/media?parent=1575"}],"wp:term":[{"taxonomy":"category","embeddable":true,"href":"https:\/\/linhareslaw.com\/es\/wp-json\/wp\/v2\/categories?post=1575"},{"taxonomy":"post_tag","embeddable":true,"href":"https:\/\/linhareslaw.com\/es\/wp-json\/wp\/v2\/tags?post=1575"}],"curies":[{"name":"wp","href":"https:\/\/api.w.org\/{rel}","templated":true}]}}