{"id":1720,"date":"2025-03-07T22:15:24","date_gmt":"2025-03-07T22:15:24","guid":{"rendered":"https:\/\/linhareslaw.com\/es\/?p=1720"},"modified":"2025-03-07T22:15:24","modified_gmt":"2025-03-07T22:15:24","slug":"as-operacoes-de-busca-de-trump-agora-irao-visar-familias-de-migrantes-que-entraram-nos-eua-com-seus-filhos","status":"publish","type":"post","link":"https:\/\/linhareslaw.com\/es\/2025\/03\/07\/as-operacoes-de-busca-de-trump-agora-irao-visar-familias-de-migrantes-que-entraram-nos-eua-com-seus-filhos\/","title":{"rendered":"As opera\u00e7\u00f5es de busca de Trump agora ir\u00e3o visar fam\u00edlias de migrantes que entraram nos EUA com seus filhos."},"content":{"rendered":"\t\t<div data-elementor-type=\"wp-post\" data-elementor-id=\"1720\" class=\"elementor elementor-1720\" data-elementor-post-type=\"post\">\n\t\t\t\t<div class=\"elementor-element elementor-element-d311aa7 e-flex e-con-boxed e-con e-parent\" data-id=\"d311aa7\" data-element_type=\"container\" data-e-type=\"container\">\n\t\t\t\t\t<div class=\"e-con-inner\">\n\t\t\t\t<div class=\"elementor-element elementor-element-66c8248 elementor-widget elementor-widget-text-editor\" data-id=\"66c8248\" data-element_type=\"widget\" data-e-type=\"widget\" data-widget_type=\"text-editor.default\">\n\t\t\t\t<div class=\"elementor-widget-container\">\n\t\t\t\t\t\t\t\t\t<p>Agentes de imigra\u00e7\u00e3o dos EUA est\u00e3o planejando uma nova opera\u00e7\u00e3o para prender fam\u00edlias de migrantes com crian\u00e7as como parte de uma ofensiva nacional, segundo tr\u00eas fontes familiarizadas com o planejamento.<\/p><p>A opera\u00e7\u00e3o visa adultos e crian\u00e7as menores que entraram no pa\u00eds juntos e possuem ordens de deporta\u00e7\u00e3o, disseram as fontes. Ap\u00f3s a pris\u00e3o das fam\u00edlias, os agentes as colocar\u00e3o em deten\u00e7\u00e3o antes de serem deportadas.<\/p><p>Uma opera\u00e7\u00e3o separada para localizar crian\u00e7as que entraram nos Estados Unidos desacompanhadas e foram liberadas sem datas de audi\u00eancia tamb\u00e9m est\u00e1 em andamento, acrescentaram as fontes.<\/p>\t\t\t\t\t\t\t\t<\/div>\n\t\t\t\t<\/div>\n\t\t\t\t\t<\/div>\n\t\t\t\t<\/div>\n\t\t<div class=\"elementor-element elementor-element-8097a97 e-flex e-con-boxed e-con e-parent\" data-id=\"8097a97\" data-element_type=\"container\" data-e-type=\"container\">\n\t\t\t\t\t<div class=\"e-con-inner\">\n\t\t\t\t<div class=\"elementor-element elementor-element-699e12e elementor-widget elementor-widget-text-editor\" data-id=\"699e12e\" data-element_type=\"widget\" data-e-type=\"widget\" data-widget_type=\"text-editor.default\">\n\t\t\t\t<div class=\"elementor-widget-container\">\n\t\t\t\t\t\t\t\t\t<p>As fontes disseram que advogados da Imigra\u00e7\u00e3o e Alf\u00e2ndega dos EUA (ICE) est\u00e3o agora trabalhando para garantir mandados para entrar nas casas e realizar as pris\u00f5es.<\/p><p>Portavoces do Departamento de Seguran\u00e7a Interna (DHS) e do ICE n\u00e3o responderam imediatamente a um pedido de coment\u00e1rio.<\/p><p>Durante a campanha presidencial de 2024, Trump e o czar das fronteiras, Tom Homan, disseram que os planos de deporta\u00e7\u00f5es em massa inicialmente focariam em migrantes que cometeram crimes. No entanto, os novos planos para opera\u00e7\u00f5es nacionais mostram que muitas das fam\u00edlias e crian\u00e7as que ser\u00e3o alvo n\u00e3o possuem antecedentes criminais.<\/p>\t\t\t\t\t\t\t\t<\/div>\n\t\t\t\t<\/div>\n\t\t\t\t<div class=\"elementor-element elementor-element-dc17199 elementor-widget elementor-widget-text-editor\" data-id=\"dc17199\" data-element_type=\"widget\" data-e-type=\"widget\" data-widget_type=\"text-editor.default\">\n\t\t\t\t<div class=\"elementor-widget-container\">\n\t\t\t\t\t\t\t\t\t<p>\u00c0 medida que os planos ganham forma, a administra\u00e7\u00e3o Trump tamb\u00e9m est\u00e1 trabalhando com empresas privadas de pris\u00f5es para reabrir centros de deten\u00e7\u00e3o familiar que foram fechados sob a administra\u00e7\u00e3o Biden, informou a NBC News.<\/p><p>Na quarta-feira, um grupo de pris\u00f5es privadas, a CoreCivic, disse que reabrir\u00e1 seu centro de deten\u00e7\u00e3o familiar em Dilley, Texas. A instala\u00e7\u00e3o pode abrigar at\u00e9 2.400 pessoas de cada vez.<\/p>\t\t\t\t\t\t\t\t<\/div>\n\t\t\t\t<\/div>\n\t\t\t\t\t<\/div>\n\t\t\t\t<\/div>\n\t\t<div class=\"elementor-element elementor-element-dce835a e-flex e-con-boxed e-con e-parent\" data-id=\"dce835a\" data-element_type=\"container\" data-e-type=\"container\">\n\t\t\t\t\t<div class=\"e-con-inner\">\n\t\t\t\t<div class=\"elementor-element elementor-element-3ef79e7 elementor-widget elementor-widget-text-editor\" data-id=\"3ef79e7\" data-element_type=\"widget\" data-e-type=\"widget\" data-widget_type=\"text-editor.default\">\n\t\t\t\t<div class=\"elementor-widget-container\">\n\t\t\t\t\t\t\t\t\t<p>Fonte : <a href=\"https:\/\/www.nbcnews.com\/politics\/immigration\/trump-raids-will-now-target-migrants-entered-us-families-children-rcna193611?utm_campaign=9255821-Hubspot-AILA8-3-7-25&amp;utm_medium=email&amp;_hsenc=p2ANqtz--j4ZebgCLrgQsl6UQJjjOkQ7ZSOYSHhMFYHmh_HrCy-cJntvcOsJ-O4_vuM54XrRCeY-VDg0OPuRykuwR0awxmSDFO5g&amp;_hsmi=350664542&amp;utm_content=350664542&amp;utm_source=hs_email\" target=\"_blank\" rel=\"noopener\">NBC News<\/a><\/p>\t\t\t\t\t\t\t\t<\/div>\n\t\t\t\t<\/div>\n\t\t\t\t\t<\/div>\n\t\t\t\t<\/div>\n\t\t\t\t<\/div>\n\t\t","protected":false},"excerpt":{"rendered":"<p>Agentes de imigra\u00e7\u00e3o dos EUA est\u00e3o planejando uma nova opera\u00e7\u00e3o para prender fam\u00edlias de migrantes com crian\u00e7as como parte de uma ofensiva nacional, segundo tr\u00eas fontes familiarizadas com o planejamento. A opera\u00e7\u00e3o visa adultos e crian\u00e7as menores que entraram no pa\u00eds juntos e possuem ordens de deporta\u00e7\u00e3o, disseram as fontes. Ap\u00f3s a pris\u00e3o das fam\u00edlias, [&hellip;]<\/p>\n","protected":false},"author":1,"featured_media":1721,"comment_status":"open","ping_status":"open","sticky":false,"template":"","format":"standard","meta":{"footnotes":""},"categories":[8],"tags":[],"class_list":["post-1720","post","type-post","status-publish","format-standard","has-post-thumbnail","hentry","category-imigracao"],"_links":{"self":[{"href":"https:\/\/linhareslaw.com\/es\/wp-json\/wp\/v2\/posts\/1720","targetHints":{"allow":["GET"]}}],"collection":[{"href":"https:\/\/linhareslaw.com\/es\/wp-json\/wp\/v2\/posts"}],"about":[{"href":"https:\/\/linhareslaw.com\/es\/wp-json\/wp\/v2\/types\/post"}],"author":[{"embeddable":true,"href":"https:\/\/linhareslaw.com\/es\/wp-json\/wp\/v2\/users\/1"}],"replies":[{"embeddable":true,"href":"https:\/\/linhareslaw.com\/es\/wp-json\/wp\/v2\/comments?post=1720"}],"version-history":[{"count":0,"href":"https:\/\/linhareslaw.com\/es\/wp-json\/wp\/v2\/posts\/1720\/revisions"}],"wp:featuredmedia":[{"embeddable":true,"href":"https:\/\/linhareslaw.com\/es\/wp-json\/wp\/v2\/media\/1721"}],"wp:attachment":[{"href":"https:\/\/linhareslaw.com\/es\/wp-json\/wp\/v2\/media?parent=1720"}],"wp:term":[{"taxonomy":"category","embeddable":true,"href":"https:\/\/linhareslaw.com\/es\/wp-json\/wp\/v2\/categories?post=1720"},{"taxonomy":"post_tag","embeddable":true,"href":"https:\/\/linhareslaw.com\/es\/wp-json\/wp\/v2\/tags?post=1720"}],"curies":[{"name":"wp","href":"https:\/\/api.w.org\/{rel}","templated":true}]}}