{"id":1729,"date":"2025-03-11T22:24:16","date_gmt":"2025-03-11T22:24:16","guid":{"rendered":"https:\/\/linhareslaw.com\/es\/?p=1729"},"modified":"2025-03-11T22:24:16","modified_gmt":"2025-03-11T22:24:16","slug":"agentes-de-imigracao-prendem-ativista-palestino-que-ajudou-a-liderar-protestos-na-universidade-de-columbia","status":"publish","type":"post","link":"https:\/\/linhareslaw.com\/es\/2025\/03\/11\/agentes-de-imigracao-prendem-ativista-palestino-que-ajudou-a-liderar-protestos-na-universidade-de-columbia\/","title":{"rendered":"Agentes de imigra\u00e7\u00e3o prendem ativista palestino que ajudou a liderar protestos na Universidade de Columbia."},"content":{"rendered":"\t\t<div data-elementor-type=\"wp-post\" data-elementor-id=\"1729\" class=\"elementor elementor-1729\" data-elementor-post-type=\"post\">\n\t\t\t\t<div class=\"elementor-element elementor-element-9690171 e-flex e-con-boxed e-con e-parent\" data-id=\"9690171\" data-element_type=\"container\" data-e-type=\"container\">\n\t\t\t\t\t<div class=\"e-con-inner\">\n\t\t\t\t<div class=\"elementor-element elementor-element-b4c2f51 elementor-widget elementor-widget-text-editor\" data-id=\"b4c2f51\" data-element_type=\"widget\" data-e-type=\"widget\" data-widget_type=\"text-editor.default\">\n\t\t\t\t<div class=\"elementor-widget-container\">\n\t\t\t\t\t\t\t\t\t<p>As autoridades federais de imigra\u00e7\u00e3o prenderam no s\u00e1bado um ativista palestino que desempenhou um papel importante nos protestos da Universidade de Columbia contra Israel, uma escalada significativa na promessa da administra\u00e7\u00e3o Trump de deter e deportar ativistas estudantis.<\/p><p>Mahmoud Khalil, um estudante de p\u00f3s-gradua\u00e7\u00e3o da Columbia at\u00e9 dezembro passado, estava dentro de seu apartamento, de propriedade da universidade, na noite de s\u00e1bado, quando v\u00e1rios agentes da Imigra\u00e7\u00e3o e Alf\u00e2ndega (ICE) entraram e o levaram sob cust\u00f3dia, disse sua advogada, Amy Greer, \u00e0 Associated Press.<\/p><p>Greer afirmou que conversou por telefone com um dos agentes do ICE durante a pris\u00e3o, que disse que estavam agindo sob ordens do Departamento de Estado para revogar o visto de estudante de Khalil. Quando a advogada informou que Khalil estava nos Estados Unidos como residente permanente com um green card, o agente afirmou que iriam revogar esse status, de acordo com a advogada.<\/p><p>Uma porta-voz do Departamento de Seguran\u00e7a Interna, Tricia McLaughlin, confirmou a pris\u00e3o de Khalil em um comunicado no domingo, descrevendo-a como uma a\u00e7\u00e3o &#8220;em apoio \u00e0s ordens executivas do presidente Trump que pro\u00edbem o antissemitismo.&#8221;<\/p>\t\t\t\t\t\t\t\t<\/div>\n\t\t\t\t<\/div>\n\t\t\t\t<div class=\"elementor-element elementor-element-effafc2 elementor-widget elementor-widget-text-editor\" data-id=\"effafc2\" data-element_type=\"widget\" data-e-type=\"widget\" data-widget_type=\"text-editor.default\">\n\t\t\t\t<div class=\"elementor-widget-container\">\n\t\t\t\t\t\t\t\t\t<p>Fonte : <a href=\"https:\/\/apnews.com\/article\/columbia-university-mahmoud-khalil-ice-15014bcbb921f21a9f704d5acdcae7a8?utm_campaign=9644122-Hubspot-AILA8-3-10-25&amp;utm_medium=email&amp;_hsenc=p2ANqtz-8Dr1GAfr8gyOtrp0qNok4X_PieYHkBVxlIUCaHen4bPzZ2z7hJZI0YrSk1KOwpd_UcGqvpJM-BBPkaD-Fl0eb8n0NYLA&amp;_hsmi=351066039&amp;utm_content=351066039&amp;utm_source=hs_email#\" target=\"_blank\" rel=\"noopener\">AP<\/a><\/p>\t\t\t\t\t\t\t\t<\/div>\n\t\t\t\t<\/div>\n\t\t\t\t\t<\/div>\n\t\t\t\t<\/div>\n\t\t\t\t<\/div>\n\t\t","protected":false},"excerpt":{"rendered":"<p>As autoridades federais de imigra\u00e7\u00e3o prenderam no s\u00e1bado um ativista palestino que desempenhou um papel importante nos protestos da Universidade de Columbia contra Israel, uma escalada significativa na promessa da administra\u00e7\u00e3o Trump de deter e deportar ativistas estudantis. Mahmoud Khalil, um estudante de p\u00f3s-gradua\u00e7\u00e3o da Columbia at\u00e9 dezembro passado, estava dentro de seu apartamento, de [&hellip;]<\/p>\n","protected":false},"author":1,"featured_media":1730,"comment_status":"open","ping_status":"open","sticky":false,"template":"","format":"standard","meta":{"footnotes":""},"categories":[8],"tags":[],"class_list":["post-1729","post","type-post","status-publish","format-standard","has-post-thumbnail","hentry","category-imigracao"],"_links":{"self":[{"href":"https:\/\/linhareslaw.com\/es\/wp-json\/wp\/v2\/posts\/1729","targetHints":{"allow":["GET"]}}],"collection":[{"href":"https:\/\/linhareslaw.com\/es\/wp-json\/wp\/v2\/posts"}],"about":[{"href":"https:\/\/linhareslaw.com\/es\/wp-json\/wp\/v2\/types\/post"}],"author":[{"embeddable":true,"href":"https:\/\/linhareslaw.com\/es\/wp-json\/wp\/v2\/users\/1"}],"replies":[{"embeddable":true,"href":"https:\/\/linhareslaw.com\/es\/wp-json\/wp\/v2\/comments?post=1729"}],"version-history":[{"count":0,"href":"https:\/\/linhareslaw.com\/es\/wp-json\/wp\/v2\/posts\/1729\/revisions"}],"wp:featuredmedia":[{"embeddable":true,"href":"https:\/\/linhareslaw.com\/es\/wp-json\/wp\/v2\/media\/1730"}],"wp:attachment":[{"href":"https:\/\/linhareslaw.com\/es\/wp-json\/wp\/v2\/media?parent=1729"}],"wp:term":[{"taxonomy":"category","embeddable":true,"href":"https:\/\/linhareslaw.com\/es\/wp-json\/wp\/v2\/categories?post=1729"},{"taxonomy":"post_tag","embeddable":true,"href":"https:\/\/linhareslaw.com\/es\/wp-json\/wp\/v2\/tags?post=1729"}],"curies":[{"name":"wp","href":"https:\/\/api.w.org\/{rel}","templated":true}]}}