{"id":283,"date":"2024-02-10T15:58:45","date_gmt":"2024-02-10T15:58:45","guid":{"rendered":"https:\/\/linhareslaw.com\/es\/?p=283"},"modified":"2024-02-10T15:58:45","modified_gmt":"2024-02-10T15:58:45","slug":"a-administracao-biden-esta-considerando-acao-executiva-para-deter-a-migracao-ilegal-na-fronteira-sul","status":"publish","type":"post","link":"https:\/\/linhareslaw.com\/es\/2024\/02\/10\/a-administracao-biden-esta-considerando-acao-executiva-para-deter-a-migracao-ilegal-na-fronteira-sul\/","title":{"rendered":"A administra\u00e7\u00e3o Biden est\u00e1 considerando a\u00e7\u00e3o executiva para deter a migra\u00e7\u00e3o ilegal na fronteira sul."},"content":{"rendered":"\t\t<div data-elementor-type=\"wp-post\" data-elementor-id=\"283\" class=\"elementor elementor-283\" data-elementor-post-type=\"post\">\n\t\t\t\t<div class=\"elementor-element elementor-element-22f0d62 e-flex e-con-boxed e-con e-parent\" data-id=\"22f0d62\" data-element_type=\"container\" data-e-type=\"container\">\n\t\t\t\t\t<div class=\"e-con-inner\">\n\t\t\t\t<div class=\"elementor-element elementor-element-1539fbd elementor-widget elementor-widget-text-editor\" data-id=\"1539fbd\" data-element_type=\"widget\" data-e-type=\"widget\" data-widget_type=\"text-editor.default\">\n\t\t\t\t<div class=\"elementor-widget-container\">\n\t\t\t\t\t\t\t\t\tA administra\u00e7\u00e3o Biden est\u00e1 considerando tomar medidas executivas para deter a migra\u00e7\u00e3o ilegal atrav\u00e9s da fronteira sul, j\u00e1 que solu\u00e7\u00f5es legislativas parecem improv\u00e1veis. Apesar da diminui\u00e7\u00e3o dos n\u00fameros na fronteira recentemente, os planos para a\u00e7\u00e3o executiva est\u00e3o em discuss\u00e3o h\u00e1 meses, com o objetivo de enfrentar o problema antes de uma poss\u00edvel ressurg\u00eancia. Essas medidas podem desagradar alguns progressistas, mas podem agradar prefeitos democratas que buscam assist\u00eancia federal com o influxo de migrantes. Os republicanos do Senado recentemente bloquearam um projeto de lei bipartid\u00e1rio sobre a fronteira, gerando cr\u00edticas da Casa Branca. As a\u00e7\u00f5es executivas s\u00e3o vistas como um plano de backup, embora n\u00e3o sejam t\u00e3o eficazes quanto a legisla\u00e7\u00e3o do Congresso. O presidente Biden enfrenta cr\u00edticas pol\u00edticas sobre a gest\u00e3o da fronteira, com alguns membros de seu pr\u00f3prio partido criticando sua abordagem. Pesquisas recentes indicam uma preocupa\u00e7\u00e3o significativa dos eleitores com a seguran\u00e7a na fronteira, com Biden atr\u00e1s do ex-presidente Trump nesse aspecto. A administra\u00e7\u00e3o j\u00e1 implementou a\u00e7\u00f5es unilaterais para lidar com os fluxos de migrantes, incluindo restri\u00e7\u00f5es \u00e0s deporta\u00e7\u00f5es durante a COVID-19.\t\t\t\t\t\t\t\t<\/div>\n\t\t\t\t<\/div>\n\t\t\t\t\t<\/div>\n\t\t\t\t<\/div>\n\t\t\t\t<\/div>\n\t\t","protected":false},"excerpt":{"rendered":"<p>A administra\u00e7\u00e3o Biden est\u00e1 considerando tomar medidas executivas para deter a migra\u00e7\u00e3o ilegal atrav\u00e9s da fronteira sul, j\u00e1 que solu\u00e7\u00f5es legislativas parecem improv\u00e1veis. Apesar da diminui\u00e7\u00e3o dos n\u00fameros na fronteira recentemente, os planos para a\u00e7\u00e3o executiva est\u00e3o em discuss\u00e3o h\u00e1 meses, com o objetivo de enfrentar o problema antes de uma poss\u00edvel ressurg\u00eancia. Essas medidas [&hellip;]<\/p>\n","protected":false},"author":1,"featured_media":285,"comment_status":"open","ping_status":"open","sticky":false,"template":"","format":"standard","meta":{"footnotes":""},"categories":[8],"tags":[],"class_list":["post-283","post","type-post","status-publish","format-standard","has-post-thumbnail","hentry","category-imigracao"],"_links":{"self":[{"href":"https:\/\/linhareslaw.com\/es\/wp-json\/wp\/v2\/posts\/283","targetHints":{"allow":["GET"]}}],"collection":[{"href":"https:\/\/linhareslaw.com\/es\/wp-json\/wp\/v2\/posts"}],"about":[{"href":"https:\/\/linhareslaw.com\/es\/wp-json\/wp\/v2\/types\/post"}],"author":[{"embeddable":true,"href":"https:\/\/linhareslaw.com\/es\/wp-json\/wp\/v2\/users\/1"}],"replies":[{"embeddable":true,"href":"https:\/\/linhareslaw.com\/es\/wp-json\/wp\/v2\/comments?post=283"}],"version-history":[{"count":0,"href":"https:\/\/linhareslaw.com\/es\/wp-json\/wp\/v2\/posts\/283\/revisions"}],"wp:featuredmedia":[{"embeddable":true,"href":"https:\/\/linhareslaw.com\/es\/wp-json\/wp\/v2\/media\/285"}],"wp:attachment":[{"href":"https:\/\/linhareslaw.com\/es\/wp-json\/wp\/v2\/media?parent=283"}],"wp:term":[{"taxonomy":"category","embeddable":true,"href":"https:\/\/linhareslaw.com\/es\/wp-json\/wp\/v2\/categories?post=283"},{"taxonomy":"post_tag","embeddable":true,"href":"https:\/\/linhareslaw.com\/es\/wp-json\/wp\/v2\/tags?post=283"}],"curies":[{"name":"wp","href":"https:\/\/api.w.org\/{rel}","templated":true}]}}